{"id":13,"date":"2015-05-26T14:16:03","date_gmt":"2015-05-26T14:16:03","guid":{"rendered":"http:\/\/www.salondeea.ro\/blog\/?p=13"},"modified":"2015-09-11T13:48:45","modified_gmt":"2015-09-11T13:48:45","slug":"vara-si-soarele-prieteni-sau-dusmani-pentru-tenul-tau","status":"publish","type":"post","link":"https:\/\/www.salondeea.ro\/blog\/2015\/05\/26\/vara-si-soarele-prieteni-sau-dusmani-pentru-tenul-tau\/","title":{"rendered":"Vara \u0219i soarele prieteni sau du\u0219mani pentru tenul t\u0103u?"},"content":{"rendered":"<p>\u00cen fiecare an a\u0219tept\u0103m cu ner\u0103bdare sosirea verii, anotimpul vacan\u021bei, anotimpul eliber\u0103rii corpului de greoaiele \u0219i multiplele articole vestimentare, dar \u0219i anotimpul expunerii \u00eentregii frumuse\u021bi\u2026<\/p>\n<p>Vizita la esteticiana ta preferat\u0103 te preg\u0103te\u0219te s\u0103 \u00eent\u00e2mpini soarele ca pe un bun \u0219i drag prieten.<\/p>\n<p>Expunerea la soare f\u0103r\u0103 o preg\u0103tire a tenului adecvat\u0103, este ca o invita\u021bie la \u00eemb\u0103tr\u00e2nire, f\u0103r\u0103 s\u0103 mai vorbim de ro\u0219ea\u021ba primelor ore de soare care nu e dec\u00e2t \u00eencercarea pielii de a-\u021bi spune: ,,m\u0103 arde, f\u0103 ceva!\u201d. \u00cen aceast\u0103 faz\u0103, pielea a suferit un atac major la nivelul fibrelor de colagen \u0219i elastin\u0103 care sunt suportul pielii noastre; distrugerea lor duce la diminuarea elasticit\u0103\u021bii \u0219i tonusului pielii.<\/p>\n<p>O cantitate minim\u0103 de soare este necesar\u0103 corpului nostru pentru a produce importanta vitamina D care fixeaz\u0103 calciul \u00een oase; este suficient\u0103 expunerea pe care o presupune via\u021ba cotidian\u0103 \u00eentr-o zi de var\u0103. Mai departe, expunerea la soare poate fi d\u0103un\u0103toare pielii.<\/p>\n<p>Tenul t\u0103u are acum nevoie de cur\u0103\u021bare prin exfolierea celulelor moarte de la suprafa\u021ba pielii, hidratare profund\u0103 din interior spre exterior prin alimente minune pentru hidratare: fructe \u0219i legume proaspete, pe\u0219te, ceai verde, alb, ro\u0219u \u0219i nu \u00een ultimul r\u00e2nd ap\u0103, iar din exterior spre interior prin creme aplicate diminea\u021ba \u0219i seara, adecvate v\u00e2rstei \u0219i tipologiei tenului (tenul uscat are nevoie de o crem\u0103 semigras\u0103; tenul gras de o crem\u0103 pe baz\u0103 de ap\u0103).<\/p>\n<p>S\u0103 nu uit\u0103m antioxidan\u021bii din fructele de sezon care ne protejeaz\u0103 ac\u021bion\u00e2nd ca un scut \u00eempotriva radicalilor liberi ce atac\u0103 celulele \u0219i cauzeaz\u0103 \u00eemb\u0103tr\u00e2nirea prematur\u0103 a pielii. Antioxidan\u021bii naturali se absorb rapid de c\u0103tre piele; curele de sezon duc la o piele s\u0103n\u0103toas\u0103, catifelat\u0103 \u0219i luminoas\u0103.<\/p>\n<p>Astfel,\u00a0<strong>c\u0103p\u0219unile<\/strong>\u00a0\u2014 sunt tonifiante ale pielii. Se storc 3-4 c\u0103p\u0219uni \u0219i cu zeama respectiv\u0103 se ung fa\u021ba, pleoapele \u0219i g\u00e2tul. Dup\u0103 15 minute, se spal\u0103 cu infuzie de mu\u0219e\u021bel. Pentru tenurile uscate se prepar\u0103 o masc\u0103 din sucul de c\u0103p\u0219uni amestecat cu sm\u00e2nt\u00e2n\u0103, iar pentru tenurile grase se amestec\u0103 sucul cu pu\u021bin\u0103 argil\u0103 \u0219i c\u00e2teva pic\u0103turi de suc de l\u0103m\u00e2ie.<\/p>\n<p><strong>Caisele<\/strong>\u00a0\u2014 tonifiante ale tenului normal \u0219i ale tenului gras cu puncte negre, cu tendin\u021b\u0103 la acnee &#8211; se folose\u0219te fructul proasp\u0103t zdrobit.<\/p>\n<p><strong>Piersica<\/strong>\u00a0\u2014 remediul pentru \u00eengrijirea tenului seboreic. Se prepar\u0103 masca cu argil\u0103 sau se poate folosi fructul proasp\u0103t trecut ca atare pe fa\u021b\u0103.<\/p>\n<p><strong>Banana<\/strong>\u00a0\u2014 are ac\u021biune tonic\u0103 \u0219i emolient\u0103 pentru toate tipurile de ten. Masca se prepar\u0103 dintr-o banan\u0103 bine coapt\u0103, la care se adaug\u0103 o linguri\u021b\u0103 de miere \u0219i 20 pic\u0103turi de suc de l\u0103m\u00e2ie.<\/p>\n<p><strong>Pepenele galben<\/strong>\u00a0\u2014 se folose\u0219te miezul de pepene sau sucul sub form\u0103 de masc\u0103 \u00een tratamentul pielii ofilite, deshidratate, uscate.<\/p>\n<p><strong>Varza<\/strong>\u00a0\u2014 sucul de varz\u0103 se folose\u0219te \u00een tratamentul tenurilor acneice.<\/p>\n<p>Folosi\u021bi m\u0103\u0219tile naturale de 2-3 ori pe s\u0103pt\u0103m\u00e2n\u0103, iar zilnic, cu 30 de minute \u00eenainte de ie\u0219irea din cas\u0103 aplica\u021bi cremele hidratante cu factor de protec\u021bie solar\u0103 de minim 15SPF; aplicarea lor se repet\u0103 la 2 ore. Nu uita\u021bi bra\u021bele \u0219i m\u00e2inile, o pigmentare nu e de dorit. Ochelarii de soare \u0219i p\u0103l\u0103riile sunt mai mult dec\u00e2t chic, sunt necesare !<\/p>\n<p>O var\u0103 minunat\u0103 v\u0103 doresc, plin\u0103 de s\u0103n\u0103tate \u0219i frumuse\u021be!<\/p>\n<p><em>Mirela Flo\u0219toiu<\/em><\/p>\n","protected":false},"excerpt":{"rendered":"<p>\u00cen fiecare an a\u0219tept\u0103m cu ner\u0103bdare sosirea verii, anotimpul vacan\u021bei, anotimpul eliber\u0103rii corpului de greoaiele \u0219i multiplele articole vestimentare, dar \u0219i anotimpul expunerii \u00eentregii frumuse\u021bi\u2026 Vizita la esteticiana ta preferat\u0103 te preg\u0103te\u0219te s\u0103 \u00eent\u00e2mpini soarele ca pe un bun \u0219i drag prieten. Expunerea la soare f\u0103r\u0103 o preg\u0103tire a tenului adecvat\u0103, este ca o invita\u021bie la \u00eemb\u0103tr\u00e2nire, f\u0103r\u0103 s\u0103 mai vorbim de ro\u0219ea\u021ba primelor ore de soare care nu e dec\u00e2t \u00eencercarea pielii de a-\u021bi spune: ,,m\u0103 arde, f\u0103 ceva!\u201d. \u00cen aceast\u0103 faz\u0103, pielea a suferit un atac major la nivelul fibrelor de colagen \u0219i elastin\u0103 care sunt suportul pielii noastre; distrugerea lor duce la diminuarea elasticit\u0103\u021bii \u0219i tonusului pielii. O cantitate minim\u0103 de soare este necesar\u0103 corpului nostru pentru a produce importanta vitamina D care fixeaz\u0103 calciul \u00een oase; este suficient\u0103 expunerea pe care o presupune via\u021ba cotidian\u0103 \u00eentr-o zi de var\u0103. Mai departe, expunerea la soare poate fi d\u0103un\u0103toare pielii. Tenul t\u0103u are acum nevoie de cur\u0103\u021bare prin exfolierea celulelor moarte de la suprafa\u021ba pielii, hidratare profund\u0103 din interior spre exterior prin alimente minune pentru hidratare: fructe \u0219i legume proaspete, pe\u0219te, ceai verde, alb, ro\u0219u \u0219i nu \u00een ultimul r\u00e2nd ap\u0103, iar din exterior spre interior prin creme [&hellip;]<\/p>\n","protected":false},"author":1,"featured_media":15,"comment_status":"open","ping_status":"open","sticky":false,"template":"","format":"standard","meta":{"_monsterinsights_skip_tracking":false,"_monsterinsights_sitenote_active":false,"_monsterinsights_sitenote_note":"","_monsterinsights_sitenote_category":0},"categories":[1,151,200],"tags":[],"_links":{"self":[{"href":"https:\/\/www.salondeea.ro\/blog\/wp-json\/wp\/v2\/posts\/13"}],"collection":[{"href":"https:\/\/www.salondeea.ro\/blog\/wp-json\/wp\/v2\/posts"}],"about":[{"href":"https:\/\/www.salondeea.ro\/blog\/wp-json\/wp\/v2\/types\/post"}],"author":[{"embeddable":true,"href":"https:\/\/www.salondeea.ro\/blog\/wp-json\/wp\/v2\/users\/1"}],"replies":[{"embeddable":true,"href":"https:\/\/www.salondeea.ro\/blog\/wp-json\/wp\/v2\/comments?post=13"}],"version-history":[{"count":1,"href":"https:\/\/www.salondeea.ro\/blog\/wp-json\/wp\/v2\/posts\/13\/revisions"}],"predecessor-version":[{"id":14,"href":"https:\/\/www.salondeea.ro\/blog\/wp-json\/wp\/v2\/posts\/13\/revisions\/14"}],"wp:featuredmedia":[{"embeddable":true,"href":"https:\/\/www.salondeea.ro\/blog\/wp-json\/wp\/v2\/media\/15"}],"wp:attachment":[{"href":"https:\/\/www.salondeea.ro\/blog\/wp-json\/wp\/v2\/media?parent=13"}],"wp:term":[{"taxonomy":"category","embeddable":true,"href":"https:\/\/www.salondeea.ro\/blog\/wp-json\/wp\/v2\/categories?post=13"},{"taxonomy":"post_tag","embeddable":true,"href":"https:\/\/www.salondeea.ro\/blog\/wp-json\/wp\/v2\/tags?post=13"}],"curies":[{"name":"wp","href":"https:\/\/api.w.org\/{rel}","templated":true}]}}